{"id":581,"date":"2020-12-07T13:14:50","date_gmt":"2020-12-07T12:14:50","guid":{"rendered":"http:\/\/elisabethfouche.com\/?p=581"},"modified":"2022-03-18T10:40:23","modified_gmt":"2022-03-18T09:40:23","slug":"le-manifesto-de-my-moojo","status":"publish","type":"post","link":"https:\/\/elisabethfouche.com\/index.php\/2020\/12\/07\/le-manifesto-de-my-moojo\/","title":{"rendered":"LE MANIFESTO DE MM"},"content":{"rendered":"\n<figure class=\"wp-block-image size-large\"><img loading=\"lazy\" decoding=\"async\" width=\"1024\" height=\"576\" src=\"https:\/\/elisabethfouche.com\/wp-content\/uploads\/2021\/09\/Manifeste-1.png\" alt=\"\" class=\"wp-image-971\" srcset=\"https:\/\/elisabethfouche.com\/wp-content\/uploads\/2021\/09\/Manifeste-1.png 1024w, https:\/\/elisabethfouche.com\/wp-content\/uploads\/2021\/09\/Manifeste-1-300x169.png 300w, https:\/\/elisabethfouche.com\/wp-content\/uploads\/2021\/09\/Manifeste-1-768x432.png 768w\" sizes=\"(max-width: 1024px) 100vw, 1024px\" \/><\/figure>\n\n\n\n<p><strong>R\u00e9inventons les modes de cr\u00e9ation et de construction des formations digital learning !<\/strong><\/p>\n\n\n\n<p>C\u2019est l\u2019histoire d\u2019un frottement. Si&nbsp;! Si&nbsp;! \u00c7a crisse, \u00e7a \u00e9tincelle\u2026<\/p>\n\n\n\n<p>D\u2019un c\u00f4t\u00e9, notre exaltation \u00e0 \u0153uvrer dans un secteur innovant et qui a du sens&nbsp;: la formation digitale.<\/p>\n\n\n\n<p>De l\u2019autre, les freins d\u00e9cel\u00e9s, au fil de nos exp\u00e9riences, au sein des organisations, pour cr\u00e9er des contenus p\u00e9dagogiques de qualit\u00e9.<\/p>\n\n\n\n<p>L\u2019\u00e9tincelle prend, le feu cr\u00e9pite, nous illumine\u2026 MM est n\u00e9&nbsp;!<\/p>\n\n\n\n<p>Notre constat est simple&nbsp;: il est devenu urgent d\u2019optimiser les intelligences et les financements d\u00e9di\u00e9s aux projets digital learning des entreprises.<\/p>\n\n\n\n<p>Parce que soumettre une proposition de formation, la clarifier, en valider les contenus, choisir les formats adapt\u00e9s, ses modes de diffusion, s\u2019y retrouver dans la masse des informations et des diff\u00e9rentes technologie propos\u00e9es \u2026 est souvent laborieux, chronophage et malheureusement d\u00e9courageant pour toutes les parties prenantes&nbsp;(RH, d\u00e9partement formation, management, communication, marketing, experts m\u00e9tier, prestataires\u2026)<\/p>\n\n\n\n<p>R\u00e9sultat, les supports de formation digitale manquent de socle et accumulent au fil des \u00e9tapes de leur cr\u00e9ation des concessions et approximations qui finissent par les rendre co\u00fbteux et sans impact sur les apprenants.<\/p>\n\n\n\n<p>Sans compter le peu de visibilit\u00e9 sur les budgets n\u00e9cessaires qui, apr\u00e8s le COVID, se r\u00e9duiront in\u00e9vitablement comme une peau de chagrin. Et cela, bien que le confinement ait fait prendre conscience \u00e0 de nombreuses entreprises que digitaliser leurs formations repr\u00e9sentait une valeur ajout\u00e9e.<\/p>\n\n\n\n<p>Notre pertinence est donc de fluidifier la cr\u00e9ation des formations digital learning au sein des organisations&nbsp;:<\/p>\n\n\n\n<ul><li>En les accompagnant sur les probl\u00e9matiques de gestion de temps, de communication, de priorisation et de financement.<\/li><li>En clarifiant et structurant les offres de formation adapt\u00e9es \u00e0 des besoins pr\u00e9cis.<\/li><li>En proposant les outils et ressources appropri\u00e9s \u00e0 des projets learning de qualit\u00e9.<\/li><\/ul>\n\n\n\n<p>Aider les parties prenantes \u00e0 faire ressortir le meilleur, ensemble, pour co-construire un projet de formation de sa gen\u00e8se \u00e0 sa diffusion, c\u2019est encourager une nouvelle forme de cr\u00e9ation p\u00e9dagogique&nbsp;!<\/p>\n\n\n\n<p>Chez MM, nous partageons la conviction que la r\u00e9ussite d\u2019une offre DIGITALE LEARNING r\u00e9sulte d\u2019une d\u00e9marche collaborative, \u00e9cologique et \u00e9conomique.<\/p>\n\n\n\n<p>Parce que nous croyons que \u00ab&nbsp;seul on va plus vite, mais ensemble, on va plus loin \u00bb et que rien ne vaut la mutualisation des comp\u00e9tences et des connaissances, nous partagerons r\u00e9seau, id\u00e9es et bonnes pratiques pour tisser toujours plus de lien sur les th\u00e8mes de la formation, l\u2019\u00e9ducation, leur processus de cr\u00e9ation, et contribuer \u00e0 l\u2019\u00e9mergence de nouveaux projets.<\/p>\n\n\n\n<p>Parce que nous sommes tous responsables de notre fa\u00e7on de produire et que le num\u00e9rique a un impact environnemental, nous nous engageons \u00e0 ne contribuer <em>qu\u2019\u00e0 <\/em>la cr\u00e9ation de supports e-learning de qualit\u00e9. Consommer moins mais mieux et durablement, c\u2019est savoir \u00eatre \u00e9cologique avec soi, avec les autres et s\u2019enraciner dans l\u2019essentiel autant dans les contenus que dans les \u00e9changes.<\/p>\n\n\n\n<p>L\u2019essor des nouvelles technologies, les bouleversements r\u00e9cents nous invitent \u00e0 relever de nouveaux d\u00e9fis&nbsp;! Les entreprises doivent revoir leur organisation du travail, leur rapport \u00e0 l\u2019utilit\u00e9 sociale, environnementale et leurs choix d\u2019investissements. Tout un programme que MM s&rsquo;engage \u00e0 tenir pour participer \u00e0 un monde meilleur!<\/p>\n","protected":false},"excerpt":{"rendered":"<p>R\u00e9inventons les modes de cr\u00e9ation et de construction des formations digital learning ! C\u2019est l\u2019histoire d\u2019un frottement. Si&nbsp;! Si&nbsp;! \u00c7a crisse, \u00e7a \u00e9tincelle\u2026 D\u2019un c\u00f4t\u00e9, notre exaltation \u00e0 \u0153uvrer dans un secteur innovant et qui a du sens&nbsp;: la formation digitale. De l\u2019autre, les freins d\u00e9cel\u00e9s, au fil de nos exp\u00e9riences, au sein des organisations, &hellip; <a href=\"https:\/\/elisabethfouche.com\/index.php\/2020\/12\/07\/le-manifesto-de-my-moojo\/\" class=\"more-link\">Continuer la lecture de <span class=\"screen-reader-text\">LE MANIFESTO DE MM<\/span><\/a><\/p>\n","protected":false},"author":1,"featured_media":0,"comment_status":"closed","ping_status":"closed","sticky":false,"template":"","format":"standard","meta":{"footnotes":""},"categories":[1],"tags":[],"yoast_head":"<!-- This site is optimized with the Yoast SEO plugin v18.3 - https:\/\/yoast.com\/wordpress\/plugins\/seo\/ -->\n<title>LE MANIFESTO DE MM - Elisabeth Fouch\u00e9<\/title>\n<meta name=\"robots\" content=\"index, follow, max-snippet:-1, max-image-preview:large, max-video-preview:-1\" \/>\n<link rel=\"canonical\" href=\"https:\/\/elisabethfouche.com\/index.php\/2020\/12\/07\/le-manifesto-de-my-moojo\/\" \/>\n<meta property=\"og:locale\" content=\"fr_FR\" \/>\n<meta property=\"og:type\" content=\"article\" \/>\n<meta property=\"og:title\" content=\"LE MANIFESTO DE MM - Elisabeth Fouch\u00e9\" \/>\n<meta property=\"og:description\" content=\"R\u00e9inventons les modes de cr\u00e9ation et de construction des formations digital learning ! C\u2019est l\u2019histoire d\u2019un frottement. Si&nbsp;! Si&nbsp;! \u00c7a crisse, \u00e7a \u00e9tincelle\u2026 D\u2019un c\u00f4t\u00e9, notre exaltation \u00e0 \u0153uvrer dans un secteur innovant et qui a du sens&nbsp;: la formation digitale. De l\u2019autre, les freins d\u00e9cel\u00e9s, au fil de nos exp\u00e9riences, au sein des organisations, &hellip; Continuer la lecture de LE MANIFESTO DE MM\" \/>\n<meta property=\"og:url\" content=\"https:\/\/elisabethfouche.com\/index.php\/2020\/12\/07\/le-manifesto-de-my-moojo\/\" \/>\n<meta property=\"og:site_name\" content=\"Elisabeth Fouch\u00e9\" \/>\n<meta property=\"article:publisher\" content=\"https:\/\/www.facebook.com\/elisabeth.fouche\" \/>\n<meta property=\"article:published_time\" content=\"2020-12-07T12:14:50+00:00\" \/>\n<meta property=\"article:modified_time\" content=\"2022-03-18T09:40:23+00:00\" \/>\n<meta property=\"og:image\" content=\"http:\/\/elisabethfouche.com\/wp-content\/uploads\/2021\/09\/Manifeste-1.png\" \/>\n<meta name=\"twitter:card\" content=\"summary\" \/>\n<meta name=\"twitter:label1\" content=\"\u00c9crit par\" \/>\n\t<meta name=\"twitter:data1\" content=\"Elisabeth FOUCH\u00c9\" \/>\n\t<meta name=\"twitter:label2\" content=\"Dur\u00e9e de lecture estim\u00e9e\" \/>\n\t<meta name=\"twitter:data2\" content=\"3 minutes\" \/>\n<script type=\"application\/ld+json\" class=\"yoast-schema-graph\">{\"@context\":\"https:\/\/schema.org\",\"@graph\":[{\"@type\":\"WebSite\",\"@id\":\"https:\/\/elisabethfouche.com\/#website\",\"url\":\"https:\/\/elisabethfouche.com\/\",\"name\":\"Elisabeth Fouch\u00e9\",\"description\":\"\",\"potentialAction\":[{\"@type\":\"SearchAction\",\"target\":{\"@type\":\"EntryPoint\",\"urlTemplate\":\"https:\/\/elisabethfouche.com\/?s={search_term_string}\"},\"query-input\":\"required name=search_term_string\"}],\"inLanguage\":\"fr-FR\"},{\"@type\":\"ImageObject\",\"@id\":\"https:\/\/elisabethfouche.com\/index.php\/2020\/12\/07\/le-manifesto-de-my-moojo\/#primaryimage\",\"inLanguage\":\"fr-FR\",\"url\":\"http:\/\/elisabethfouche.com\/wp-content\/uploads\/2021\/09\/Manifeste-1.png\",\"contentUrl\":\"http:\/\/elisabethfouche.com\/wp-content\/uploads\/2021\/09\/Manifeste-1.png\"},{\"@type\":\"WebPage\",\"@id\":\"https:\/\/elisabethfouche.com\/index.php\/2020\/12\/07\/le-manifesto-de-my-moojo\/#webpage\",\"url\":\"https:\/\/elisabethfouche.com\/index.php\/2020\/12\/07\/le-manifesto-de-my-moojo\/\",\"name\":\"LE MANIFESTO DE MM - Elisabeth Fouch\u00e9\",\"isPartOf\":{\"@id\":\"https:\/\/elisabethfouche.com\/#website\"},\"primaryImageOfPage\":{\"@id\":\"https:\/\/elisabethfouche.com\/index.php\/2020\/12\/07\/le-manifesto-de-my-moojo\/#primaryimage\"},\"datePublished\":\"2020-12-07T12:14:50+00:00\",\"dateModified\":\"2022-03-18T09:40:23+00:00\",\"author\":{\"@id\":\"https:\/\/elisabethfouche.com\/#\/schema\/person\/c00c226638a42066c00e74906f4a81d6\"},\"breadcrumb\":{\"@id\":\"https:\/\/elisabethfouche.com\/index.php\/2020\/12\/07\/le-manifesto-de-my-moojo\/#breadcrumb\"},\"inLanguage\":\"fr-FR\",\"potentialAction\":[{\"@type\":\"ReadAction\",\"target\":[\"https:\/\/elisabethfouche.com\/index.php\/2020\/12\/07\/le-manifesto-de-my-moojo\/\"]}]},{\"@type\":\"BreadcrumbList\",\"@id\":\"https:\/\/elisabethfouche.com\/index.php\/2020\/12\/07\/le-manifesto-de-my-moojo\/#breadcrumb\",\"itemListElement\":[{\"@type\":\"ListItem\",\"position\":1,\"name\":\"Accueil\",\"item\":\"https:\/\/elisabethfouche.com\/\"},{\"@type\":\"ListItem\",\"position\":2,\"name\":\"LE MANIFESTO DE MM\"}]},{\"@type\":\"Person\",\"@id\":\"https:\/\/elisabethfouche.com\/#\/schema\/person\/c00c226638a42066c00e74906f4a81d6\",\"name\":\"Elisabeth FOUCH\u00c9\",\"image\":{\"@type\":\"ImageObject\",\"@id\":\"https:\/\/elisabethfouche.com\/#personlogo\",\"inLanguage\":\"fr-FR\",\"url\":\"https:\/\/secure.gravatar.com\/avatar\/f1c66f643dcfb0400efbd0c2a639bf62?s=96&d=mm&r=g\",\"contentUrl\":\"https:\/\/secure.gravatar.com\/avatar\/f1c66f643dcfb0400efbd0c2a639bf62?s=96&d=mm&r=g\",\"caption\":\"Elisabeth FOUCH\u00c9\"},\"sameAs\":[\"http:\/\/elisabethfouche.com\"]}]}<\/script>\n<!-- \/ Yoast SEO plugin. -->","yoast_head_json":{"title":"LE MANIFESTO DE MM - Elisabeth Fouch\u00e9","robots":{"index":"index","follow":"follow","max-snippet":"max-snippet:-1","max-image-preview":"max-image-preview:large","max-video-preview":"max-video-preview:-1"},"canonical":"https:\/\/elisabethfouche.com\/index.php\/2020\/12\/07\/le-manifesto-de-my-moojo\/","og_locale":"fr_FR","og_type":"article","og_title":"LE MANIFESTO DE MM - Elisabeth Fouch\u00e9","og_description":"R\u00e9inventons les modes de cr\u00e9ation et de construction des formations digital learning ! C\u2019est l\u2019histoire d\u2019un frottement. Si&nbsp;! Si&nbsp;! \u00c7a crisse, \u00e7a \u00e9tincelle\u2026 D\u2019un c\u00f4t\u00e9, notre exaltation \u00e0 \u0153uvrer dans un secteur innovant et qui a du sens&nbsp;: la formation digitale. De l\u2019autre, les freins d\u00e9cel\u00e9s, au fil de nos exp\u00e9riences, au sein des organisations, &hellip; Continuer la lecture de LE MANIFESTO DE MM","og_url":"https:\/\/elisabethfouche.com\/index.php\/2020\/12\/07\/le-manifesto-de-my-moojo\/","og_site_name":"Elisabeth Fouch\u00e9","article_publisher":"https:\/\/www.facebook.com\/elisabeth.fouche","article_published_time":"2020-12-07T12:14:50+00:00","article_modified_time":"2022-03-18T09:40:23+00:00","og_image":[{"url":"http:\/\/elisabethfouche.com\/wp-content\/uploads\/2021\/09\/Manifeste-1.png"}],"twitter_card":"summary","twitter_misc":{"\u00c9crit par":"Elisabeth FOUCH\u00c9","Dur\u00e9e de lecture estim\u00e9e":"3 minutes"},"schema":{"@context":"https:\/\/schema.org","@graph":[{"@type":"WebSite","@id":"https:\/\/elisabethfouche.com\/#website","url":"https:\/\/elisabethfouche.com\/","name":"Elisabeth Fouch\u00e9","description":"","potentialAction":[{"@type":"SearchAction","target":{"@type":"EntryPoint","urlTemplate":"https:\/\/elisabethfouche.com\/?s={search_term_string}"},"query-input":"required name=search_term_string"}],"inLanguage":"fr-FR"},{"@type":"ImageObject","@id":"https:\/\/elisabethfouche.com\/index.php\/2020\/12\/07\/le-manifesto-de-my-moojo\/#primaryimage","inLanguage":"fr-FR","url":"http:\/\/elisabethfouche.com\/wp-content\/uploads\/2021\/09\/Manifeste-1.png","contentUrl":"http:\/\/elisabethfouche.com\/wp-content\/uploads\/2021\/09\/Manifeste-1.png"},{"@type":"WebPage","@id":"https:\/\/elisabethfouche.com\/index.php\/2020\/12\/07\/le-manifesto-de-my-moojo\/#webpage","url":"https:\/\/elisabethfouche.com\/index.php\/2020\/12\/07\/le-manifesto-de-my-moojo\/","name":"LE MANIFESTO DE MM - Elisabeth Fouch\u00e9","isPartOf":{"@id":"https:\/\/elisabethfouche.com\/#website"},"primaryImageOfPage":{"@id":"https:\/\/elisabethfouche.com\/index.php\/2020\/12\/07\/le-manifesto-de-my-moojo\/#primaryimage"},"datePublished":"2020-12-07T12:14:50+00:00","dateModified":"2022-03-18T09:40:23+00:00","author":{"@id":"https:\/\/elisabethfouche.com\/#\/schema\/person\/c00c226638a42066c00e74906f4a81d6"},"breadcrumb":{"@id":"https:\/\/elisabethfouche.com\/index.php\/2020\/12\/07\/le-manifesto-de-my-moojo\/#breadcrumb"},"inLanguage":"fr-FR","potentialAction":[{"@type":"ReadAction","target":["https:\/\/elisabethfouche.com\/index.php\/2020\/12\/07\/le-manifesto-de-my-moojo\/"]}]},{"@type":"BreadcrumbList","@id":"https:\/\/elisabethfouche.com\/index.php\/2020\/12\/07\/le-manifesto-de-my-moojo\/#breadcrumb","itemListElement":[{"@type":"ListItem","position":1,"name":"Accueil","item":"https:\/\/elisabethfouche.com\/"},{"@type":"ListItem","position":2,"name":"LE MANIFESTO DE MM"}]},{"@type":"Person","@id":"https:\/\/elisabethfouche.com\/#\/schema\/person\/c00c226638a42066c00e74906f4a81d6","name":"Elisabeth FOUCH\u00c9","image":{"@type":"ImageObject","@id":"https:\/\/elisabethfouche.com\/#personlogo","inLanguage":"fr-FR","url":"https:\/\/secure.gravatar.com\/avatar\/f1c66f643dcfb0400efbd0c2a639bf62?s=96&d=mm&r=g","contentUrl":"https:\/\/secure.gravatar.com\/avatar\/f1c66f643dcfb0400efbd0c2a639bf62?s=96&d=mm&r=g","caption":"Elisabeth FOUCH\u00c9"},"sameAs":["http:\/\/elisabethfouche.com"]}]}},"_links":{"self":[{"href":"https:\/\/elisabethfouche.com\/index.php\/wp-json\/wp\/v2\/posts\/581"}],"collection":[{"href":"https:\/\/elisabethfouche.com\/index.php\/wp-json\/wp\/v2\/posts"}],"about":[{"href":"https:\/\/elisabethfouche.com\/index.php\/wp-json\/wp\/v2\/types\/post"}],"author":[{"embeddable":true,"href":"https:\/\/elisabethfouche.com\/index.php\/wp-json\/wp\/v2\/users\/1"}],"replies":[{"embeddable":true,"href":"https:\/\/elisabethfouche.com\/index.php\/wp-json\/wp\/v2\/comments?post=581"}],"version-history":[{"count":3,"href":"https:\/\/elisabethfouche.com\/index.php\/wp-json\/wp\/v2\/posts\/581\/revisions"}],"predecessor-version":[{"id":972,"href":"https:\/\/elisabethfouche.com\/index.php\/wp-json\/wp\/v2\/posts\/581\/revisions\/972"}],"wp:attachment":[{"href":"https:\/\/elisabethfouche.com\/index.php\/wp-json\/wp\/v2\/media?parent=581"}],"wp:term":[{"taxonomy":"category","embeddable":true,"href":"https:\/\/elisabethfouche.com\/index.php\/wp-json\/wp\/v2\/categories?post=581"},{"taxonomy":"post_tag","embeddable":true,"href":"https:\/\/elisabethfouche.com\/index.php\/wp-json\/wp\/v2\/tags?post=581"}],"curies":[{"name":"wp","href":"https:\/\/api.w.org\/{rel}","templated":true}]}}